{"id":3999,"date":"2025-01-27T09:08:30","date_gmt":"2025-01-27T14:08:30","guid":{"rendered":"https:\/\/beaverbrookartgallery.org\/?p=3999"},"modified":"2025-01-27T09:08:31","modified_gmt":"2025-01-27T14:08:31","slug":"winter-gallery-hours-beginning-february-1","status":"publish","type":"post","link":"https:\/\/beaverbrookartgallery.org\/fr\/winter-gallery-hours-beginning-february-1\/","title":{"rendered":"Heures d'ouverture du mus\u00e9e d'hiver \u00e0 partir du 1er f\u00e9vrier"},"content":{"rendered":"<p>Nouvelles heures d'ouverture du mus\u00e9e \u00e0 partir du 1er f\u00e9vrier :<\/p>\n\n\n\n<p>Nouvelles heures d'ouverture du mus\u00e9e \u00e0 partir du 1er f\u00e9vrier :<\/p>\n\n\n\n<p>\u00c0 partir du 1er f\u00e9vrier, le Mus\u00e9e des beaux-arts Beaverbrook sera ferm\u00e9 le lundi. Cependant, nous sommes heureux d'annoncer des heures d'ouverture prolong\u00e9es les vendredis et samedis, afin que vous puissiez profiter du mus\u00e9e jusque tard dans la soir\u00e9e.<\/p>\n\n\n\n<p>Voici <a><\/a>nos nouveaux horaires :<\/p>\n\n\n\n<p>Mardi : 10 h - 17 h<\/p>\n\n\n\n<p>Mercredi : 10 h - 17 h<\/p>\n\n\n\n<p>Jeudi : 10 h - 21 h<\/p>\n\n\n\n<p>Vendredi : 10 h - 18 h<\/p>\n\n\n\n<p>Samedi : 10 h - 18 h<\/p>\n\n\n\n<p>Dimanche : 12 h - 17 h<\/p>\n\n\n\n<p>Nous nous r\u00e9jouissons de vous accueillir pendant nos nouvelles heures d'ouverture et esp\u00e9rons que vous profiterez de cette soir\u00e9e suppl\u00e9mentaire pour d\u00e9couvrir le Beaverbrook !<\/p>","protected":false},"excerpt":{"rendered":"<p>New Gallery Hours Starting February 1: To better serve our visitors, we\u2019re making a change to our hours! Starting February 1 the Beaverbrook Art Gallery will be closed on Mondays. However, we\u2019re excited to announce extended hours on Fridays and Saturdays so you can enjoy the gallery even later into the evening. Here are our [&hellip;]<\/p>\n","protected":false},"author":10,"featured_media":4002,"comment_status":"closed","ping_status":"open","sticky":false,"template":"","format":"standard","meta":{"_seopress_robots_primary_cat":"none","_seopress_titles_title":"","_seopress_titles_desc":"","_seopress_robots_index":"","footnotes":""},"categories":[14],"tags":[],"class_list":["post-3999","post","type-post","status-publish","format-standard","has-post-thumbnail","hentry","category-gallery-news"],"_links":{"self":[{"href":"https:\/\/beaverbrookartgallery.org\/fr\/wp-json\/wp\/v2\/posts\/3999","targetHints":{"allow":["GET"]}}],"collection":[{"href":"https:\/\/beaverbrookartgallery.org\/fr\/wp-json\/wp\/v2\/posts"}],"about":[{"href":"https:\/\/beaverbrookartgallery.org\/fr\/wp-json\/wp\/v2\/types\/post"}],"author":[{"embeddable":true,"href":"https:\/\/beaverbrookartgallery.org\/fr\/wp-json\/wp\/v2\/users\/10"}],"replies":[{"embeddable":true,"href":"https:\/\/beaverbrookartgallery.org\/fr\/wp-json\/wp\/v2\/comments?post=3999"}],"version-history":[{"count":1,"href":"https:\/\/beaverbrookartgallery.org\/fr\/wp-json\/wp\/v2\/posts\/3999\/revisions"}],"predecessor-version":[{"id":4003,"href":"https:\/\/beaverbrookartgallery.org\/fr\/wp-json\/wp\/v2\/posts\/3999\/revisions\/4003"}],"wp:featuredmedia":[{"embeddable":true,"href":"https:\/\/beaverbrookartgallery.org\/fr\/wp-json\/wp\/v2\/media\/4002"}],"wp:attachment":[{"href":"https:\/\/beaverbrookartgallery.org\/fr\/wp-json\/wp\/v2\/media?parent=3999"}],"wp:term":[{"taxonomy":"category","embeddable":true,"href":"https:\/\/beaverbrookartgallery.org\/fr\/wp-json\/wp\/v2\/categories?post=3999"},{"taxonomy":"post_tag","embeddable":true,"href":"https:\/\/beaverbrookartgallery.org\/fr\/wp-json\/wp\/v2\/tags?post=3999"}],"curies":[{"name":"wp","href":"https:\/\/api.w.org\/{rel}","templated":true}]}}